{"id":2601,"date":"2020-06-15T12:12:48","date_gmt":"2020-06-15T11:12:48","guid":{"rendered":"https:\/\/blog.datentraeger.li\/?p=2601"},"modified":"2020-06-15T12:12:51","modified_gmt":"2020-06-15T11:12:51","slug":"gtk-theme-ohne-tools-anpassen","status":"publish","type":"post","link":"https:\/\/blog.datentraeger.li\/?p=2601","title":{"rendered":"gtk-Theme ohne Tools anpassen"},"content":{"rendered":"\n<p>Nichts weltbewegendes, m\u00f6chte es mir aber trotzdem hier kurz &#8220;dokumentieren&#8221;:<br>Ich w\u00fcrde gerne ein dunkles GTK-Theme in i3 setzen, jedoch auf lxappearance oder \u00e4hnliches verzichten.<\/p>\n\n\n\n<p>Dazu muss man nur das File .\/config\/gtk-3.0\/settings.ini anlegen und dort das <a href=\"https:\/\/faq.i3wm.org\/question\/115\/how-to-configure-gtk-theme-support\/%3C\/p%3E.html\" target=\"_blank\" rel=\"noreferrer noopener\">Theme festlegen<\/a><\/p>\n\n\n\n<pre class=\"wp-block-preformatted\">[Settings]\ngtk-theme-name = Adapta-Nokto\ngtk-font-name = Sans 8<\/pre>\n\n\n\n<p>Das adapta-Theme habe ich ohne recommends  installiert, weil sonst haufenweise Zeugs mitkommt, das ich gar nicht ben\u00f6tige.<\/p>\n","protected":false},"excerpt":{"rendered":"Nichts weltbewegendes, m\u00f6chte es mir aber trotzdem hier kurz &#8220;dokumentieren&#8221;:Ich w\u00fcrde gerne ein dunkles GTK-Theme in i3 setzen, jedoch auf lxappearance oder \u00e4hnliches verzichten. Dazu muss man nur das File .\/config\/gtk-3.0\/settings.ini anlegen und dort das Theme festlegen [Settings] gtk-theme-name = Adapta-Nokto gtk-font-name = Sans 8 Das adapta-Theme habe ich ohne&hellip;\n","protected":false},"author":2,"featured_media":0,"comment_status":"open","ping_status":"open","sticky":false,"template":"","format":"standard","meta":{"footnotes":""},"categories":[4,38],"tags":[],"class_list":["post-2601","post","type-post","status-publish","format-standard","hentry","category-debiangnu-linux","category-x11"],"_links":{"self":[{"href":"https:\/\/blog.datentraeger.li\/index.php?rest_route=\/wp\/v2\/posts\/2601","targetHints":{"allow":["GET"]}}],"collection":[{"href":"https:\/\/blog.datentraeger.li\/index.php?rest_route=\/wp\/v2\/posts"}],"about":[{"href":"https:\/\/blog.datentraeger.li\/index.php?rest_route=\/wp\/v2\/types\/post"}],"author":[{"embeddable":true,"href":"https:\/\/blog.datentraeger.li\/index.php?rest_route=\/wp\/v2\/users\/2"}],"replies":[{"embeddable":true,"href":"https:\/\/blog.datentraeger.li\/index.php?rest_route=%2Fwp%2Fv2%2Fcomments&post=2601"}],"version-history":[{"count":5,"href":"https:\/\/blog.datentraeger.li\/index.php?rest_route=\/wp\/v2\/posts\/2601\/revisions"}],"predecessor-version":[{"id":2606,"href":"https:\/\/blog.datentraeger.li\/index.php?rest_route=\/wp\/v2\/posts\/2601\/revisions\/2606"}],"wp:attachment":[{"href":"https:\/\/blog.datentraeger.li\/index.php?rest_route=%2Fwp%2Fv2%2Fmedia&parent=2601"}],"wp:term":[{"taxonomy":"category","embeddable":true,"href":"https:\/\/blog.datentraeger.li\/index.php?rest_route=%2Fwp%2Fv2%2Fcategories&post=2601"},{"taxonomy":"post_tag","embeddable":true,"href":"https:\/\/blog.datentraeger.li\/index.php?rest_route=%2Fwp%2Fv2%2Ftags&post=2601"}],"curies":[{"name":"wp","href":"https:\/\/api.w.org\/{rel}","templated":true}]}}